{"id":6111,"date":"2022-03-28T16:48:36","date_gmt":"2022-03-28T15:48:36","guid":{"rendered":"https:\/\/www.ebp.be\/myth-5-being-able-to-present-many-reference-projects\/"},"modified":"2026-04-13T12:30:08","modified_gmt":"2026-04-13T11:30:08","slug":"mythe-n5-mon-entreprise-doit-etre-grande","status":"publish","type":"post","link":"https:\/\/www.ebp.be\/fr\/mythe-n5-mon-entreprise-doit-etre-grande\/","title":{"rendered":"Mythe n\u00b05 : mon entreprise doit \u00eatre grande et avoir de nombreux projets de r\u00e9f\u00e9rence \u00e0 son actif"},"content":{"rendered":"\t\t<div data-elementor-type=\"wp-post\" data-elementor-id=\"6111\" class=\"elementor elementor-6111 elementor-834\" data-elementor-post-type=\"post\">\n\t\t\t\t<div class=\"elementor-element elementor-element-206eb5d9 e-flex e-con-boxed e-con e-parent\" data-id=\"206eb5d9\" data-element_type=\"container\" data-e-type=\"container\">\n\t\t\t\t\t<div class=\"e-con-inner\">\n\t\t\t\t<div class=\"elementor-element elementor-element-7cc81151 elementor-widget elementor-widget-text-editor\" data-id=\"7cc81151\" data-element_type=\"widget\" data-e-type=\"widget\" data-widget_type=\"text-editor.default\">\n\t\t\t\t<div class=\"elementor-widget-container\">\n\t\t\t\t\t\t\t\t\t\n<p><strong>Absolument pas.<\/strong>\u00a0La taille et la vari\u00e9t\u00e9 des march\u00e9s publics sont aussi diversifi\u00e9es que ne le sont les entreprises. Il est donc tout \u00e0 fait possible pour une petite structure de d\u00e9crocher des march\u00e9s publics!<\/p>\n<p>Et pour pouvoir se voir attribuer un march\u00e9 de travaux, chaque entrepreneur a l\u2019obligation d\u2019\u00eatre titulaire d\u2019une agr\u00e9ation ou d\u2019avoir fourni la preuve qu\u2019il remplit certaines conditions, si le montant des travaux d\u00e9passe un certain seuil.<\/p>\n<p>Mais qu\u2019est-ce qu\u2019une agr\u00e9gation? Il s\u2019agit d\u2019une garantie de qualit\u00e9 de l\u2019entrepreneur. Elle atteste qu\u2019il dispose des comp\u00e9tences et des ressources n\u00e9cessaires \u00e0 l\u2019ex\u00e9cution de certains travaux. En effet, les capacit\u00e9s financi\u00e8res et techniques de l\u2019entrepreneur sont examin\u00e9es par le Ministre r\u00e9gional comp\u00e9tent, apr\u00e8s un avis rendu par une Commission.<\/p>\n<p>Ces travaux sont rang\u00e9s en classe et en cat\u00e9gorie ou sous-cat\u00e9gorie. Les classes correspondent \u00e0 des montants de soumission et sont au nombre de huit. L\u2019entrepreneur agr\u00e9\u00e9 dans une classe d\u00e9termin\u00e9e ne peut donc faire d\u2019offre pour un march\u00e9 public dont le montant est sup\u00e9rieur \u00e0 celui de sa classe.<\/p>\n<p>Classe 1: jusqu\u2019\u00e0 135.000 euros<br \/>Classe 2: jusqu\u2019\u00e0 275.000 euros<br \/>Classe 3: jusqu\u2019\u00e0 500.000 euros<br \/>Classe 4: jusqu\u2019\u00e0 900.000 euros<br \/>Classe 5: jusqu\u2019\u00e0 1.810.000 euros<br \/>Classe 6: jusqu\u2019\u00e0 3.225.000 euros<br \/>Classe 7: jusqu\u2019\u00e0 5.330.000 euros<br \/>Classe 8: plus de 5.330.000 euros<\/p>\n<p>Les cat\u00e9gories correspondent \u00e0 des secteurs d\u2019activit\u00e9s. Elles sont identifi\u00e9es par une lettre et sont au nombre de dix-sept, dont la plupart comportent \u00e9galement des sous-cat\u00e9gories. L\u2019entrepreneur agr\u00e9\u00e9 dans une cat\u00e9gorie ou sous-cat\u00e9gorie ne peut donc- prendre part \u00e0 un march\u00e9 public que le pouvoir adjudicateur a rang\u00e9 dans une autre cat\u00e9gorie ou sous-cat\u00e9gorie.<\/p>\n<p>Cependant, aucune agr\u00e9ation n\u2019est requise pour les travaux rang\u00e9s dans une cat\u00e9gorie ou sous-cat\u00e9gorie dont le montant est respectivement inf\u00e9rieur \u00e0 75.000 euros et 50.000 euros. Pour le reste, une agr\u00e9gation reste n\u00e9cessaire pour les march\u00e9s publics de travaux sup\u00e9rieurs \u00e0 ces montants. L\u2019entrepreneur qui aurait omis de demander une agr\u00e9gation peut toujours candidater \u00e0 un march\u00e9, mais il devra remplir les conditions qui lui sont impos\u00e9es.<\/p>\n<p>In fine, les petits entrepreneurs insuffisamment agr\u00e9\u00e9s n\u2019ont pas \u00e0 s\u2019inqui\u00e9ter. Outre les chantiers de classe 1, il existe une multitude de chantiers de plus grande envergure auxquels il est possible d\u2019acc\u00e9der en collaborant temporairement avec une entreprise de cat\u00e9gorie sup\u00e9rieure. Pour ce faire et comme le pr\u00e9voit l\u2019arr\u00eat\u00e9 royal du 15 juillet 2017, le premier entrepreneur devra joindre \u00e0 son offre la preuve \u00e9crite de l\u2019engagement du second entrepreneur \u00e0 ses c\u00f4t\u00e9s au cours de l\u2019ex\u00e9cution du march\u00e9.<\/p>\n<p>Une autre solution serait d\u2019organiser l\u2019union entre\u00a0les deux entrepreneurs sous forme de groupement\u00a0sans personnalit\u00e9 juridique (ou association\u00a0momentan\u00e9e). Seule condition: que l\u2019association\u00a0momentan\u00e9e form\u00e9e par le groupement de ces entrepreneurs soit r\u00e9put\u00e9e poss\u00e9der l\u2019agr\u00e9gation pour les travaux rang\u00e9s dans la classe imm\u00e9diatement sup\u00e9rieure.<\/p>\n\t\t\t\t\t\t\t\t<\/div>\n\t\t\t\t<\/div>\n\t\t\t\t\t<\/div>\n\t\t\t\t<\/div>\n\t\t\t\t<\/div>\n\t\t","protected":false},"excerpt":{"rendered":"<p>Ce n&rsquo;est pas du tout n\u00e9cessaire. La taille et la vari\u00e9t\u00e9 des contrats gouvernementaux sont aussi diverses que les entreprises elles-m\u00eames. Les petites organisations peuvent \u00e9galement remporter des contrats gouvernementaux !<\/p>\n","protected":false},"author":2,"featured_media":839,"comment_status":"closed","ping_status":"closed","sticky":false,"template":"","format":"standard","meta":{"_acf_changed":false,"footnotes":""},"categories":[75,63],"tags":[79],"class_list":["post-6111","post","type-post","status-publish","format-standard","has-post-thumbnail","hentry","category-blog-fr","category-mythe-fr","tag-mythe-fr"],"acf":[],"yoast_head":"<!-- This site is optimized with the Yoast SEO plugin v27.4 - https:\/\/yoast.com\/product\/yoast-seo-wordpress\/ -->\n<title>Mythe n\u00b05 : mon entreprise doit \u00eatre grande et avoir de nombreux projets de r\u00e9f\u00e9rence \u00e0 son actif - EBP Website<\/title>\n<meta name=\"robots\" content=\"index, follow, max-snippet:-1, max-image-preview:large, max-video-preview:-1\" \/>\n<link rel=\"canonical\" href=\"https:\/\/www.ebp.be\/fr\/mythe-n5-mon-entreprise-doit-etre-grande\/\" \/>\n<meta property=\"og:locale\" content=\"fr_FR\" \/>\n<meta property=\"og:type\" content=\"article\" \/>\n<meta property=\"og:title\" content=\"Mythe n\u00b05 : mon entreprise doit \u00eatre grande et avoir de nombreux projets de r\u00e9f\u00e9rence \u00e0 son actif - EBP Website\" \/>\n<meta property=\"og:description\" content=\"Ce n&#039;est pas du tout n\u00e9cessaire. La taille et la vari\u00e9t\u00e9 des contrats gouvernementaux sont aussi diverses que les entreprises elles-m\u00eames. Les petites organisations peuvent \u00e9galement remporter des contrats gouvernementaux !\" \/>\n<meta property=\"og:url\" content=\"https:\/\/www.ebp.be\/fr\/mythe-n5-mon-entreprise-doit-etre-grande\/\" \/>\n<meta property=\"og:site_name\" content=\"EBP Website\" \/>\n<meta property=\"article:published_time\" content=\"2022-03-28T15:48:36+00:00\" \/>\n<meta property=\"article:modified_time\" content=\"2026-04-13T11:30:08+00:00\" \/>\n<meta property=\"og:image\" content=\"https:\/\/www.ebp.be\/wp-content\/uploads\/2022\/03\/big_vs_little_AdobeStock_357185679web-1024x432-1.jpeg\" \/>\n\t<meta property=\"og:image:width\" content=\"1024\" \/>\n\t<meta property=\"og:image:height\" content=\"432\" \/>\n\t<meta property=\"og:image:type\" content=\"image\/jpeg\" \/>\n<meta name=\"author\" content=\"BenW\" \/>\n<meta name=\"twitter:card\" content=\"summary_large_image\" \/>\n<meta name=\"twitter:label1\" content=\"\u00c9crit par\" \/>\n\t<meta name=\"twitter:data1\" content=\"BenW\" \/>\n\t<meta name=\"twitter:label2\" content=\"Dur\u00e9e de lecture estim\u00e9e\" \/>\n\t<meta name=\"twitter:data2\" content=\"3 minutes\" \/>\n<script type=\"application\/ld+json\" class=\"yoast-schema-graph\">{\"@context\":\"https:\\\/\\\/schema.org\",\"@graph\":[{\"@type\":\"Article\",\"@id\":\"https:\\\/\\\/www.ebp.be\\\/fr\\\/mythe-n5-mon-entreprise-doit-etre-grande\\\/#article\",\"isPartOf\":{\"@id\":\"https:\\\/\\\/www.ebp.be\\\/fr\\\/mythe-n5-mon-entreprise-doit-etre-grande\\\/\"},\"author\":{\"name\":\"BenW\",\"@id\":\"https:\\\/\\\/www.ebp.be\\\/fr\\\/#\\\/schema\\\/person\\\/a6b0a0c1e7c3d94cfcd6183738c7910d\"},\"headline\":\"Mythe n\u00b05 : mon entreprise doit \u00eatre grande et avoir de nombreux projets de r\u00e9f\u00e9rence \u00e0 son actif\",\"datePublished\":\"2022-03-28T15:48:36+00:00\",\"dateModified\":\"2026-04-13T11:30:08+00:00\",\"mainEntityOfPage\":{\"@id\":\"https:\\\/\\\/www.ebp.be\\\/fr\\\/mythe-n5-mon-entreprise-doit-etre-grande\\\/\"},\"wordCount\":526,\"publisher\":{\"@id\":\"https:\\\/\\\/www.ebp.be\\\/fr\\\/#organization\"},\"image\":{\"@id\":\"https:\\\/\\\/www.ebp.be\\\/fr\\\/mythe-n5-mon-entreprise-doit-etre-grande\\\/#primaryimage\"},\"thumbnailUrl\":\"https:\\\/\\\/www.ebp.be\\\/wp-content\\\/uploads\\\/2022\\\/03\\\/big_vs_little_AdobeStock_357185679web-1024x432-1.jpeg\",\"keywords\":[\"Mythe\"],\"articleSection\":[\"Blog\",\"Mythe\"],\"inLanguage\":\"fr-FR\"},{\"@type\":\"WebPage\",\"@id\":\"https:\\\/\\\/www.ebp.be\\\/fr\\\/mythe-n5-mon-entreprise-doit-etre-grande\\\/\",\"url\":\"https:\\\/\\\/www.ebp.be\\\/fr\\\/mythe-n5-mon-entreprise-doit-etre-grande\\\/\",\"name\":\"Mythe n\u00b05 : mon entreprise doit \u00eatre grande et avoir de nombreux projets de r\u00e9f\u00e9rence \u00e0 son actif - EBP Website\",\"isPartOf\":{\"@id\":\"https:\\\/\\\/www.ebp.be\\\/fr\\\/#website\"},\"primaryImageOfPage\":{\"@id\":\"https:\\\/\\\/www.ebp.be\\\/fr\\\/mythe-n5-mon-entreprise-doit-etre-grande\\\/#primaryimage\"},\"image\":{\"@id\":\"https:\\\/\\\/www.ebp.be\\\/fr\\\/mythe-n5-mon-entreprise-doit-etre-grande\\\/#primaryimage\"},\"thumbnailUrl\":\"https:\\\/\\\/www.ebp.be\\\/wp-content\\\/uploads\\\/2022\\\/03\\\/big_vs_little_AdobeStock_357185679web-1024x432-1.jpeg\",\"datePublished\":\"2022-03-28T15:48:36+00:00\",\"dateModified\":\"2026-04-13T11:30:08+00:00\",\"breadcrumb\":{\"@id\":\"https:\\\/\\\/www.ebp.be\\\/fr\\\/mythe-n5-mon-entreprise-doit-etre-grande\\\/#breadcrumb\"},\"inLanguage\":\"fr-FR\",\"potentialAction\":[{\"@type\":\"ReadAction\",\"target\":[\"https:\\\/\\\/www.ebp.be\\\/fr\\\/mythe-n5-mon-entreprise-doit-etre-grande\\\/\"]}]},{\"@type\":\"ImageObject\",\"inLanguage\":\"fr-FR\",\"@id\":\"https:\\\/\\\/www.ebp.be\\\/fr\\\/mythe-n5-mon-entreprise-doit-etre-grande\\\/#primaryimage\",\"url\":\"https:\\\/\\\/www.ebp.be\\\/wp-content\\\/uploads\\\/2022\\\/03\\\/big_vs_little_AdobeStock_357185679web-1024x432-1.jpeg\",\"contentUrl\":\"https:\\\/\\\/www.ebp.be\\\/wp-content\\\/uploads\\\/2022\\\/03\\\/big_vs_little_AdobeStock_357185679web-1024x432-1.jpeg\",\"width\":1024,\"height\":432},{\"@type\":\"BreadcrumbList\",\"@id\":\"https:\\\/\\\/www.ebp.be\\\/fr\\\/mythe-n5-mon-entreprise-doit-etre-grande\\\/#breadcrumb\",\"itemListElement\":[{\"@type\":\"ListItem\",\"position\":1,\"name\":\"Home\",\"item\":\"https:\\\/\\\/www.ebp.be\\\/fr\\\/\"},{\"@type\":\"ListItem\",\"position\":2,\"name\":\"Mythe n\u00b05 : mon entreprise doit \u00eatre grande et avoir de nombreux projets de r\u00e9f\u00e9rence \u00e0 son actif\"}]},{\"@type\":\"WebSite\",\"@id\":\"https:\\\/\\\/www.ebp.be\\\/fr\\\/#website\",\"url\":\"https:\\\/\\\/www.ebp.be\\\/fr\\\/\",\"name\":\"EBP Website\",\"description\":\"\",\"publisher\":{\"@id\":\"https:\\\/\\\/www.ebp.be\\\/fr\\\/#organization\"},\"potentialAction\":[{\"@type\":\"SearchAction\",\"target\":{\"@type\":\"EntryPoint\",\"urlTemplate\":\"https:\\\/\\\/www.ebp.be\\\/fr\\\/?s={search_term_string}\"},\"query-input\":{\"@type\":\"PropertyValueSpecification\",\"valueRequired\":true,\"valueName\":\"search_term_string\"}}],\"inLanguage\":\"fr-FR\"},{\"@type\":\"Organization\",\"@id\":\"https:\\\/\\\/www.ebp.be\\\/fr\\\/#organization\",\"name\":\"EBP Website\",\"url\":\"https:\\\/\\\/www.ebp.be\\\/fr\\\/\",\"logo\":{\"@type\":\"ImageObject\",\"inLanguage\":\"fr-FR\",\"@id\":\"https:\\\/\\\/www.ebp.be\\\/fr\\\/#\\\/schema\\\/logo\\\/image\\\/\",\"url\":\"https:\\\/\\\/www.ebp.be\\\/wp-content\\\/uploads\\\/2025\\\/02\\\/EBP_2024_CMYK_500x500.png\",\"contentUrl\":\"https:\\\/\\\/www.ebp.be\\\/wp-content\\\/uploads\\\/2025\\\/02\\\/EBP_2024_CMYK_500x500.png\",\"width\":500,\"height\":500,\"caption\":\"EBP Website\"},\"image\":{\"@id\":\"https:\\\/\\\/www.ebp.be\\\/fr\\\/#\\\/schema\\\/logo\\\/image\\\/\"}},{\"@type\":\"Person\",\"@id\":\"https:\\\/\\\/www.ebp.be\\\/fr\\\/#\\\/schema\\\/person\\\/a6b0a0c1e7c3d94cfcd6183738c7910d\",\"name\":\"BenW\",\"image\":{\"@type\":\"ImageObject\",\"inLanguage\":\"fr-FR\",\"@id\":\"https:\\\/\\\/secure.gravatar.com\\\/avatar\\\/1b6e12f31b92f49c2d071d54261b3803570b443b8226349fec0c1d7f4ef51e5f?s=96&d=mm&r=g\",\"url\":\"https:\\\/\\\/secure.gravatar.com\\\/avatar\\\/1b6e12f31b92f49c2d071d54261b3803570b443b8226349fec0c1d7f4ef51e5f?s=96&d=mm&r=g\",\"contentUrl\":\"https:\\\/\\\/secure.gravatar.com\\\/avatar\\\/1b6e12f31b92f49c2d071d54261b3803570b443b8226349fec0c1d7f4ef51e5f?s=96&d=mm&r=g\",\"caption\":\"BenW\"},\"url\":\"https:\\\/\\\/www.ebp.be\\\/fr\\\/author\\\/benw\\\/\"}]}<\/script>\n<!-- \/ Yoast SEO plugin. -->","yoast_head_json":{"title":"Mythe n\u00b05 : mon entreprise doit \u00eatre grande et avoir de nombreux projets de r\u00e9f\u00e9rence \u00e0 son actif - EBP Website","robots":{"index":"index","follow":"follow","max-snippet":"max-snippet:-1","max-image-preview":"max-image-preview:large","max-video-preview":"max-video-preview:-1"},"canonical":"https:\/\/www.ebp.be\/fr\/mythe-n5-mon-entreprise-doit-etre-grande\/","og_locale":"fr_FR","og_type":"article","og_title":"Mythe n\u00b05 : mon entreprise doit \u00eatre grande et avoir de nombreux projets de r\u00e9f\u00e9rence \u00e0 son actif - EBP Website","og_description":"Ce n'est pas du tout n\u00e9cessaire. La taille et la vari\u00e9t\u00e9 des contrats gouvernementaux sont aussi diverses que les entreprises elles-m\u00eames. Les petites organisations peuvent \u00e9galement remporter des contrats gouvernementaux !","og_url":"https:\/\/www.ebp.be\/fr\/mythe-n5-mon-entreprise-doit-etre-grande\/","og_site_name":"EBP Website","article_published_time":"2022-03-28T15:48:36+00:00","article_modified_time":"2026-04-13T11:30:08+00:00","og_image":[{"width":1024,"height":432,"url":"https:\/\/www.ebp.be\/wp-content\/uploads\/2022\/03\/big_vs_little_AdobeStock_357185679web-1024x432-1.jpeg","type":"image\/jpeg"}],"author":"BenW","twitter_card":"summary_large_image","twitter_misc":{"\u00c9crit par":"BenW","Dur\u00e9e de lecture estim\u00e9e":"3 minutes"},"schema":{"@context":"https:\/\/schema.org","@graph":[{"@type":"Article","@id":"https:\/\/www.ebp.be\/fr\/mythe-n5-mon-entreprise-doit-etre-grande\/#article","isPartOf":{"@id":"https:\/\/www.ebp.be\/fr\/mythe-n5-mon-entreprise-doit-etre-grande\/"},"author":{"name":"BenW","@id":"https:\/\/www.ebp.be\/fr\/#\/schema\/person\/a6b0a0c1e7c3d94cfcd6183738c7910d"},"headline":"Mythe n\u00b05 : mon entreprise doit \u00eatre grande et avoir de nombreux projets de r\u00e9f\u00e9rence \u00e0 son actif","datePublished":"2022-03-28T15:48:36+00:00","dateModified":"2026-04-13T11:30:08+00:00","mainEntityOfPage":{"@id":"https:\/\/www.ebp.be\/fr\/mythe-n5-mon-entreprise-doit-etre-grande\/"},"wordCount":526,"publisher":{"@id":"https:\/\/www.ebp.be\/fr\/#organization"},"image":{"@id":"https:\/\/www.ebp.be\/fr\/mythe-n5-mon-entreprise-doit-etre-grande\/#primaryimage"},"thumbnailUrl":"https:\/\/www.ebp.be\/wp-content\/uploads\/2022\/03\/big_vs_little_AdobeStock_357185679web-1024x432-1.jpeg","keywords":["Mythe"],"articleSection":["Blog","Mythe"],"inLanguage":"fr-FR"},{"@type":"WebPage","@id":"https:\/\/www.ebp.be\/fr\/mythe-n5-mon-entreprise-doit-etre-grande\/","url":"https:\/\/www.ebp.be\/fr\/mythe-n5-mon-entreprise-doit-etre-grande\/","name":"Mythe n\u00b05 : mon entreprise doit \u00eatre grande et avoir de nombreux projets de r\u00e9f\u00e9rence \u00e0 son actif - EBP Website","isPartOf":{"@id":"https:\/\/www.ebp.be\/fr\/#website"},"primaryImageOfPage":{"@id":"https:\/\/www.ebp.be\/fr\/mythe-n5-mon-entreprise-doit-etre-grande\/#primaryimage"},"image":{"@id":"https:\/\/www.ebp.be\/fr\/mythe-n5-mon-entreprise-doit-etre-grande\/#primaryimage"},"thumbnailUrl":"https:\/\/www.ebp.be\/wp-content\/uploads\/2022\/03\/big_vs_little_AdobeStock_357185679web-1024x432-1.jpeg","datePublished":"2022-03-28T15:48:36+00:00","dateModified":"2026-04-13T11:30:08+00:00","breadcrumb":{"@id":"https:\/\/www.ebp.be\/fr\/mythe-n5-mon-entreprise-doit-etre-grande\/#breadcrumb"},"inLanguage":"fr-FR","potentialAction":[{"@type":"ReadAction","target":["https:\/\/www.ebp.be\/fr\/mythe-n5-mon-entreprise-doit-etre-grande\/"]}]},{"@type":"ImageObject","inLanguage":"fr-FR","@id":"https:\/\/www.ebp.be\/fr\/mythe-n5-mon-entreprise-doit-etre-grande\/#primaryimage","url":"https:\/\/www.ebp.be\/wp-content\/uploads\/2022\/03\/big_vs_little_AdobeStock_357185679web-1024x432-1.jpeg","contentUrl":"https:\/\/www.ebp.be\/wp-content\/uploads\/2022\/03\/big_vs_little_AdobeStock_357185679web-1024x432-1.jpeg","width":1024,"height":432},{"@type":"BreadcrumbList","@id":"https:\/\/www.ebp.be\/fr\/mythe-n5-mon-entreprise-doit-etre-grande\/#breadcrumb","itemListElement":[{"@type":"ListItem","position":1,"name":"Home","item":"https:\/\/www.ebp.be\/fr\/"},{"@type":"ListItem","position":2,"name":"Mythe n\u00b05 : mon entreprise doit \u00eatre grande et avoir de nombreux projets de r\u00e9f\u00e9rence \u00e0 son actif"}]},{"@type":"WebSite","@id":"https:\/\/www.ebp.be\/fr\/#website","url":"https:\/\/www.ebp.be\/fr\/","name":"EBP Website","description":"","publisher":{"@id":"https:\/\/www.ebp.be\/fr\/#organization"},"potentialAction":[{"@type":"SearchAction","target":{"@type":"EntryPoint","urlTemplate":"https:\/\/www.ebp.be\/fr\/?s={search_term_string}"},"query-input":{"@type":"PropertyValueSpecification","valueRequired":true,"valueName":"search_term_string"}}],"inLanguage":"fr-FR"},{"@type":"Organization","@id":"https:\/\/www.ebp.be\/fr\/#organization","name":"EBP Website","url":"https:\/\/www.ebp.be\/fr\/","logo":{"@type":"ImageObject","inLanguage":"fr-FR","@id":"https:\/\/www.ebp.be\/fr\/#\/schema\/logo\/image\/","url":"https:\/\/www.ebp.be\/wp-content\/uploads\/2025\/02\/EBP_2024_CMYK_500x500.png","contentUrl":"https:\/\/www.ebp.be\/wp-content\/uploads\/2025\/02\/EBP_2024_CMYK_500x500.png","width":500,"height":500,"caption":"EBP Website"},"image":{"@id":"https:\/\/www.ebp.be\/fr\/#\/schema\/logo\/image\/"}},{"@type":"Person","@id":"https:\/\/www.ebp.be\/fr\/#\/schema\/person\/a6b0a0c1e7c3d94cfcd6183738c7910d","name":"BenW","image":{"@type":"ImageObject","inLanguage":"fr-FR","@id":"https:\/\/secure.gravatar.com\/avatar\/1b6e12f31b92f49c2d071d54261b3803570b443b8226349fec0c1d7f4ef51e5f?s=96&d=mm&r=g","url":"https:\/\/secure.gravatar.com\/avatar\/1b6e12f31b92f49c2d071d54261b3803570b443b8226349fec0c1d7f4ef51e5f?s=96&d=mm&r=g","contentUrl":"https:\/\/secure.gravatar.com\/avatar\/1b6e12f31b92f49c2d071d54261b3803570b443b8226349fec0c1d7f4ef51e5f?s=96&d=mm&r=g","caption":"BenW"},"url":"https:\/\/www.ebp.be\/fr\/author\/benw\/"}]}},"_links":{"self":[{"href":"https:\/\/www.ebp.be\/fr\/wp-json\/wp\/v2\/posts\/6111","targetHints":{"allow":["GET"]}}],"collection":[{"href":"https:\/\/www.ebp.be\/fr\/wp-json\/wp\/v2\/posts"}],"about":[{"href":"https:\/\/www.ebp.be\/fr\/wp-json\/wp\/v2\/types\/post"}],"author":[{"embeddable":true,"href":"https:\/\/www.ebp.be\/fr\/wp-json\/wp\/v2\/users\/2"}],"replies":[{"embeddable":true,"href":"https:\/\/www.ebp.be\/fr\/wp-json\/wp\/v2\/comments?post=6111"}],"version-history":[{"count":0,"href":"https:\/\/www.ebp.be\/fr\/wp-json\/wp\/v2\/posts\/6111\/revisions"}],"wp:featuredmedia":[{"embeddable":true,"href":"https:\/\/www.ebp.be\/fr\/wp-json\/wp\/v2\/media\/839"}],"wp:attachment":[{"href":"https:\/\/www.ebp.be\/fr\/wp-json\/wp\/v2\/media?parent=6111"}],"wp:term":[{"taxonomy":"category","embeddable":true,"href":"https:\/\/www.ebp.be\/fr\/wp-json\/wp\/v2\/categories?post=6111"},{"taxonomy":"post_tag","embeddable":true,"href":"https:\/\/www.ebp.be\/fr\/wp-json\/wp\/v2\/tags?post=6111"}],"curies":[{"name":"wp","href":"https:\/\/api.w.org\/{rel}","templated":true}]}}