{"id":6131,"date":"2022-03-17T13:01:18","date_gmt":"2022-03-17T12:01:18","guid":{"rendered":"https:\/\/www.ebp.be\/public-procurement-everything-you-need-to-know-part-2\/"},"modified":"2026-04-13T12:32:07","modified_gmt":"2026-04-13T11:32:07","slug":"marches-publics-tout-ce-quil-faut-savoir-2eme-partie","status":"publish","type":"post","link":"https:\/\/www.ebp.be\/fr\/marches-publics-tout-ce-quil-faut-savoir-2eme-partie\/","title":{"rendered":"March\u00e9s publics : tout ce qu\u2019il faut savoir (2\u00e8me partie)"},"content":{"rendered":"\t\t<div data-elementor-type=\"wp-post\" data-elementor-id=\"6131\" class=\"elementor elementor-6131 elementor-1059\" data-elementor-post-type=\"post\">\n\t\t\t\t<div class=\"elementor-element elementor-element-34f7fddb e-flex e-con-boxed e-con e-parent\" data-id=\"34f7fddb\" data-element_type=\"container\" data-e-type=\"container\">\n\t\t\t\t\t<div class=\"e-con-inner\">\n\t\t\t\t<div class=\"elementor-element elementor-element-5b05f6e6 elementor-widget elementor-widget-text-editor\" data-id=\"5b05f6e6\" data-element_type=\"widget\" data-e-type=\"widget\" data-widget_type=\"text-editor.default\">\n\t\t\t\t<div class=\"elementor-widget-container\">\n\t\t\t\t\t\t\t\t\t<p><span data-contrast=\"auto\">Quelles sont les aptitudes de base n\u00e9cessaires \u00e0 l\u2019entrepreneur pour r\u00e9pondre \u00e0 un march\u00e9 public et le remporter ? Senior consultant et formateur chez EBP, Ewoud Hacke conna\u00eet mieux que quiconque les rouages de ce processus. Depuis la publication ou la prospection du march\u00e9 jusqu\u2019\u00e0 la cl\u00f4ture de la proc\u00e9dure, il explique clairement comment naviguer au mieux dans ce processus lorsqu\u2019on est entrepreneur.\u00a0<\/span><a href=\"https:\/\/www.ebp.be\/fr\/marches-publics-tout-ce-quil-faut-savoir-1ere-partie\/\"><i><span data-contrast=\"auto\">Lire aussi la\u00a0<\/span><\/i><i><span data-contrast=\"auto\">1<\/span><\/i><i><span data-contrast=\"auto\">\u00e8re<\/span><\/i><i><span data-contrast=\"auto\">\u00a0partie<\/span><\/i><i><span data-contrast=\"auto\">\u00a0de ce blog.<\/span><\/i><span data-ccp-props=\"{&quot;201341983&quot;:0,&quot;335559739&quot;:160,&quot;335559740&quot;:259}\">\u00a0<\/span><\/a><\/p><h2><b><span data-contrast=\"auto\">1. Comment se d\u00e9roule la v\u00e9rification de la r\u00e9gularit\u00e9?<\/span><\/b><span data-ccp-props=\"{&quot;201341983&quot;:0,&quot;335559739&quot;:160,&quot;335559740&quot;:259}\">\u00a0<\/span><\/h2><p><span data-contrast=\"auto\">Apr\u00e8s le contr\u00f4le de la s\u00e9lection, c\u2019est la r\u00e9gularit\u00e9 des offres qui fait l\u2019objet d\u2019une v\u00e9rification. L\u2019offre comporte-t-elle des irr\u00e9gularit\u00e9s substantielles ou non substantielles ? Satisfait-elle aux normes l\u00e9gales ? Est-elle conforme aux r\u00e8gles et exigences techniques pr\u00e9cis\u00e9es dans le cahier des charges ? Les \u00e9ventuelles erreurs mat\u00e9rielles ou de calcul peuvent \u00eatre directement corrig\u00e9es par le pouvoir adjudicateur. Si l\u2019adjudicateur d\u00e9cide de r\u00e9gulariser un \u00e9l\u00e9ment figurant dans l\u2019offre de l\u2019un des soumissionnaires, cette r\u00e9gularisation doit \u00e9galement se faire pour les autres offres en vertu du principe d\u2019\u00e9galit\u00e9.\u00a0<\/span><span data-ccp-props=\"{&quot;201341983&quot;:0,&quot;335559739&quot;:160,&quot;335559740&quot;:259}\">\u00a0<\/span><\/p><p><span data-contrast=\"auto\">Les prix mentionn\u00e9s dans l\u2019offre sont bien entendu examin\u00e9s. Se situent-ils dans une marge raisonnable ? Ne sont-ils pas trop \u00e9lev\u00e9s ou au contraire trop bas ? Si n\u00e9cessaire, une \u00e9tude de prix compl\u00e9mentaire peut \u00eatre r\u00e9alis\u00e9e. L\u2019entrepreneur est alors pri\u00e9 de justifier ses prix jug\u00e9s anormalement bas ou \u00e9lev\u00e9s.\u00a0<\/span><span data-ccp-props=\"{&quot;201341983&quot;:0,&quot;335559739&quot;:160,&quot;335559740&quot;:259}\">\u00a0<\/span><\/p><h2><b><span data-contrast=\"auto\">2. Quels sont les crit\u00e8res de s\u00e9lection?\u00a0<\/span><\/b><span data-ccp-props=\"{&quot;201341983&quot;:0,&quot;335559739&quot;:160,&quot;335559740&quot;:259}\">\u00a0<\/span><\/h2><p><span data-contrast=\"auto\">Une proc\u00e9dure de passation implique toujours l\u2019obligation, pour les soumissionnaires, de r\u00e9pondre \u00e0 plusieurs crit\u00e8res de s\u00e9lection. Pensons notamment aux motifs d\u2019exclusion obligatoires, comme la participation \u00e0 une organisation criminelle. Mais on examinera aussi les motifs d\u2019exclusion facultatifs afin de s\u2019assurer que le soumissionnaire est suffisamment fiable. On v\u00e9rifiera par exemple s\u2019il n\u2019est pas redevable de dettes fiscales ou s\u2019il a d\u00e9j\u00e0 ex\u00e9cut\u00e9 un march\u00e9 public avec succ\u00e8s dans le pass\u00e9.<\/span><span data-ccp-props=\"{&quot;201341983&quot;:0,&quot;335559739&quot;:160,&quot;335559740&quot;:259}\">\u00a0<\/span><\/p><p><span data-contrast=\"auto\">On s\u2019enquerra par ailleurs des aptitudes du soumissionnaire. Dispose-t-il des inscriptions ou attestations requises? D\u2019une assise \u00e9conomique et financi\u00e8re suffisante? Des connaissances et de l\u2019exp\u00e9rience n\u00e9cessaires?\u00a0<\/span><span data-ccp-props=\"{&quot;201341983&quot;:0,&quot;335559739&quot;:160,&quot;335559740&quot;:259}\">\u00a0<\/span><\/p><p><span data-contrast=\"auto\">Enfin, il est tr\u00e8s important de v\u00e9rifier si la valeur du march\u00e9 public est sup\u00e9rieure au seuil europ\u00e9en. Si c\u2019est le cas, vous aurez besoin d\u2019un DUME. Sans ce document, votre soumission sera tout bonnement irrecevable. Le DUME n\u2019est pas n\u00e9cessaire pour les march\u00e9s dont la valeur est inf\u00e9rieure \u00e0 ce seuil. Pire\u202f: son d\u00e9p\u00f4t est m\u00eame carr\u00e9ment interdit.\u00a0<\/span><span data-ccp-props=\"{&quot;201341983&quot;:0,&quot;335559739&quot;:160,&quot;335559740&quot;:259}\">\u00a0<\/span><\/p><h2><b><span data-contrast=\"auto\">3. Quels sont les crit\u00e8res d\u2019attribution?\u00a0<\/span><\/b><span data-ccp-props=\"{&quot;201341983&quot;:0,&quot;335559739&quot;:160,&quot;335559740&quot;:259}\">\u00a0<\/span><\/h2><p><span data-contrast=\"auto\">L\u2019attribution d\u2019un march\u00e9 public \u00e0 un ou plusieurs soumissionnaires est soumise \u00e0 certains crit\u00e8res, qui diff\u00e8rent selon le type de march\u00e9 public. Pour telle proc\u00e9dure, seuls le prix et les co\u00fbts mentionn\u00e9s dans l\u2019offre seront examin\u00e9s. Si les offres sont r\u00e9guli\u00e8res, l\u2019entrepreneur ayant d\u00e9pos\u00e9 la proposition \u00e9conomiquement la plus avantageuse remporte le march\u00e9.<\/span><span data-ccp-props=\"{&quot;201341983&quot;:0,&quot;335559739&quot;:160,&quot;335559740&quot;:259}\">\u00a0<\/span><\/p><p><span data-contrast=\"auto\">Une autre option consiste \u00e0 examiner le rapport entre le prix et la qualit\u00e9 des offres. L\u00e0 encore, le prix joue un r\u00f4le, mais celui-ci n\u2019aura pas un poids d\u00e9terminant dans la d\u00e9cision. Plusieurs caract\u00e9ristiques de qualit\u00e9, comme une meilleure finition ou l\u2019utilisation de mat\u00e9riaux durables, peuvent d\u00e8s lors faire pencher la balance.<\/span><\/p>\t\t\t\t\t\t\t\t<\/div>\n\t\t\t\t<\/div>\n\t\t\t\t\t<\/div>\n\t\t\t\t<\/div>\n\t\t\t\t<\/div>\n\t\t","protected":false},"excerpt":{"rendered":"<p>De quelles comp\u00e9tences de base avez-vous besoin en tant qu\u2019entrepreneur pour soumettre et remporter des march\u00e9s publics ? De la publication ou de l&rsquo;\u00e9tude de march\u00e9 jusqu&rsquo;\u00e0 la conclusion de la proc\u00e9dure : ce blog montre de mani\u00e8re claire comment vous pouvez au mieux naviguer dans ce processus en tant qu&rsquo;entrepreneur. Lisez \u00e9galement la premi\u00e8re partie de ce blog.<\/p>\n","protected":false},"author":8,"featured_media":1062,"comment_status":"closed","ping_status":"closed","sticky":false,"template":"","format":"standard","meta":{"_acf_changed":false,"footnotes":""},"categories":[75,82,64],"tags":[83,67],"class_list":["post-6131","post","type-post","status-publish","format-standard","has-post-thumbnail","hentry","category-blog-fr","category-comment","category-quest-ce-que-cest","tag-comment","tag-quest-ce-que-cest"],"acf":[],"yoast_head":"<!-- This site is optimized with the Yoast SEO plugin v27.4 - https:\/\/yoast.com\/product\/yoast-seo-wordpress\/ -->\n<title>March\u00e9s publics : tout ce qu\u2019il faut savoir (2\u00e8me partie) - EBP Website<\/title>\n<meta name=\"robots\" content=\"index, follow, max-snippet:-1, max-image-preview:large, max-video-preview:-1\" \/>\n<link rel=\"canonical\" href=\"https:\/\/www.ebp.be\/fr\/marches-publics-tout-ce-quil-faut-savoir-2eme-partie\/\" \/>\n<meta property=\"og:locale\" content=\"fr_FR\" \/>\n<meta property=\"og:type\" content=\"article\" \/>\n<meta property=\"og:title\" content=\"March\u00e9s publics : tout ce qu\u2019il faut savoir (2\u00e8me partie) - EBP Website\" \/>\n<meta property=\"og:description\" content=\"De quelles comp\u00e9tences de base avez-vous besoin en tant qu\u2019entrepreneur pour soumettre et remporter des march\u00e9s publics ? De la publication ou de l&#039;\u00e9tude de march\u00e9 jusqu&#039;\u00e0 la conclusion de la proc\u00e9dure : ce blog montre de mani\u00e8re claire comment vous pouvez au mieux naviguer dans ce processus en tant qu&#039;entrepreneur. Lisez \u00e9galement la premi\u00e8re partie de ce blog.\" \/>\n<meta property=\"og:url\" content=\"https:\/\/www.ebp.be\/fr\/marches-publics-tout-ce-quil-faut-savoir-2eme-partie\/\" \/>\n<meta property=\"og:site_name\" content=\"EBP Website\" \/>\n<meta property=\"article:published_time\" content=\"2022-03-17T12:01:18+00:00\" \/>\n<meta property=\"article:modified_time\" content=\"2026-04-13T11:32:07+00:00\" \/>\n<meta property=\"og:image\" content=\"https:\/\/www.ebp.be\/wp-content\/uploads\/2024\/10\/dariusz-sankowski-ABAmxzlot8E-unsplash-1024x768-1.jpeg\" \/>\n\t<meta property=\"og:image:width\" content=\"1024\" \/>\n\t<meta property=\"og:image:height\" content=\"768\" \/>\n\t<meta property=\"og:image:type\" content=\"image\/jpeg\" \/>\n<meta name=\"author\" content=\"AudreyT\" \/>\n<meta name=\"twitter:card\" content=\"summary_large_image\" \/>\n<meta name=\"twitter:label1\" content=\"\u00c9crit par\" \/>\n\t<meta name=\"twitter:data1\" content=\"AudreyT\" \/>\n\t<meta name=\"twitter:label2\" content=\"Dur\u00e9e de lecture estim\u00e9e\" \/>\n\t<meta name=\"twitter:data2\" content=\"3 minutes\" \/>\n<script type=\"application\/ld+json\" class=\"yoast-schema-graph\">{\"@context\":\"https:\\\/\\\/schema.org\",\"@graph\":[{\"@type\":\"Article\",\"@id\":\"https:\\\/\\\/www.ebp.be\\\/fr\\\/marches-publics-tout-ce-quil-faut-savoir-2eme-partie\\\/#article\",\"isPartOf\":{\"@id\":\"https:\\\/\\\/www.ebp.be\\\/fr\\\/marches-publics-tout-ce-quil-faut-savoir-2eme-partie\\\/\"},\"author\":{\"name\":\"AudreyT\",\"@id\":\"https:\\\/\\\/www.ebp.be\\\/fr\\\/#\\\/schema\\\/person\\\/0c6ad90398ff63fefbd27fc255e5f8ee\"},\"headline\":\"March\u00e9s publics : tout ce qu\u2019il faut savoir (2\u00e8me partie)\",\"datePublished\":\"2022-03-17T12:01:18+00:00\",\"dateModified\":\"2026-04-13T11:32:07+00:00\",\"mainEntityOfPage\":{\"@id\":\"https:\\\/\\\/www.ebp.be\\\/fr\\\/marches-publics-tout-ce-quil-faut-savoir-2eme-partie\\\/\"},\"wordCount\":593,\"publisher\":{\"@id\":\"https:\\\/\\\/www.ebp.be\\\/fr\\\/#organization\"},\"image\":{\"@id\":\"https:\\\/\\\/www.ebp.be\\\/fr\\\/marches-publics-tout-ce-quil-faut-savoir-2eme-partie\\\/#primaryimage\"},\"thumbnailUrl\":\"https:\\\/\\\/www.ebp.be\\\/wp-content\\\/uploads\\\/2024\\\/10\\\/dariusz-sankowski-ABAmxzlot8E-unsplash-1024x768-1.jpeg\",\"keywords\":[\"Comment\",\"Qu'est-ce que c'est ?\"],\"articleSection\":[\"Blog\",\"Comment\",\"Qu'est-ce que c'est ?\"],\"inLanguage\":\"fr-FR\"},{\"@type\":\"WebPage\",\"@id\":\"https:\\\/\\\/www.ebp.be\\\/fr\\\/marches-publics-tout-ce-quil-faut-savoir-2eme-partie\\\/\",\"url\":\"https:\\\/\\\/www.ebp.be\\\/fr\\\/marches-publics-tout-ce-quil-faut-savoir-2eme-partie\\\/\",\"name\":\"March\u00e9s publics : tout ce qu\u2019il faut savoir (2\u00e8me partie) - EBP Website\",\"isPartOf\":{\"@id\":\"https:\\\/\\\/www.ebp.be\\\/fr\\\/#website\"},\"primaryImageOfPage\":{\"@id\":\"https:\\\/\\\/www.ebp.be\\\/fr\\\/marches-publics-tout-ce-quil-faut-savoir-2eme-partie\\\/#primaryimage\"},\"image\":{\"@id\":\"https:\\\/\\\/www.ebp.be\\\/fr\\\/marches-publics-tout-ce-quil-faut-savoir-2eme-partie\\\/#primaryimage\"},\"thumbnailUrl\":\"https:\\\/\\\/www.ebp.be\\\/wp-content\\\/uploads\\\/2024\\\/10\\\/dariusz-sankowski-ABAmxzlot8E-unsplash-1024x768-1.jpeg\",\"datePublished\":\"2022-03-17T12:01:18+00:00\",\"dateModified\":\"2026-04-13T11:32:07+00:00\",\"breadcrumb\":{\"@id\":\"https:\\\/\\\/www.ebp.be\\\/fr\\\/marches-publics-tout-ce-quil-faut-savoir-2eme-partie\\\/#breadcrumb\"},\"inLanguage\":\"fr-FR\",\"potentialAction\":[{\"@type\":\"ReadAction\",\"target\":[\"https:\\\/\\\/www.ebp.be\\\/fr\\\/marches-publics-tout-ce-quil-faut-savoir-2eme-partie\\\/\"]}]},{\"@type\":\"ImageObject\",\"inLanguage\":\"fr-FR\",\"@id\":\"https:\\\/\\\/www.ebp.be\\\/fr\\\/marches-publics-tout-ce-quil-faut-savoir-2eme-partie\\\/#primaryimage\",\"url\":\"https:\\\/\\\/www.ebp.be\\\/wp-content\\\/uploads\\\/2024\\\/10\\\/dariusz-sankowski-ABAmxzlot8E-unsplash-1024x768-1.jpeg\",\"contentUrl\":\"https:\\\/\\\/www.ebp.be\\\/wp-content\\\/uploads\\\/2024\\\/10\\\/dariusz-sankowski-ABAmxzlot8E-unsplash-1024x768-1.jpeg\",\"width\":1024,\"height\":768},{\"@type\":\"BreadcrumbList\",\"@id\":\"https:\\\/\\\/www.ebp.be\\\/fr\\\/marches-publics-tout-ce-quil-faut-savoir-2eme-partie\\\/#breadcrumb\",\"itemListElement\":[{\"@type\":\"ListItem\",\"position\":1,\"name\":\"Home\",\"item\":\"https:\\\/\\\/www.ebp.be\\\/fr\\\/\"},{\"@type\":\"ListItem\",\"position\":2,\"name\":\"March\u00e9s publics : tout ce qu\u2019il faut savoir (2\u00e8me partie)\"}]},{\"@type\":\"WebSite\",\"@id\":\"https:\\\/\\\/www.ebp.be\\\/fr\\\/#website\",\"url\":\"https:\\\/\\\/www.ebp.be\\\/fr\\\/\",\"name\":\"EBP Website\",\"description\":\"\",\"publisher\":{\"@id\":\"https:\\\/\\\/www.ebp.be\\\/fr\\\/#organization\"},\"potentialAction\":[{\"@type\":\"SearchAction\",\"target\":{\"@type\":\"EntryPoint\",\"urlTemplate\":\"https:\\\/\\\/www.ebp.be\\\/fr\\\/?s={search_term_string}\"},\"query-input\":{\"@type\":\"PropertyValueSpecification\",\"valueRequired\":true,\"valueName\":\"search_term_string\"}}],\"inLanguage\":\"fr-FR\"},{\"@type\":\"Organization\",\"@id\":\"https:\\\/\\\/www.ebp.be\\\/fr\\\/#organization\",\"name\":\"EBP Website\",\"url\":\"https:\\\/\\\/www.ebp.be\\\/fr\\\/\",\"logo\":{\"@type\":\"ImageObject\",\"inLanguage\":\"fr-FR\",\"@id\":\"https:\\\/\\\/www.ebp.be\\\/fr\\\/#\\\/schema\\\/logo\\\/image\\\/\",\"url\":\"https:\\\/\\\/www.ebp.be\\\/wp-content\\\/uploads\\\/2025\\\/02\\\/EBP_2024_CMYK_500x500.png\",\"contentUrl\":\"https:\\\/\\\/www.ebp.be\\\/wp-content\\\/uploads\\\/2025\\\/02\\\/EBP_2024_CMYK_500x500.png\",\"width\":500,\"height\":500,\"caption\":\"EBP Website\"},\"image\":{\"@id\":\"https:\\\/\\\/www.ebp.be\\\/fr\\\/#\\\/schema\\\/logo\\\/image\\\/\"}},{\"@type\":\"Person\",\"@id\":\"https:\\\/\\\/www.ebp.be\\\/fr\\\/#\\\/schema\\\/person\\\/0c6ad90398ff63fefbd27fc255e5f8ee\",\"name\":\"AudreyT\",\"image\":{\"@type\":\"ImageObject\",\"inLanguage\":\"fr-FR\",\"@id\":\"https:\\\/\\\/secure.gravatar.com\\\/avatar\\\/44cfebc8a820096991987c9e7f1b4421a6630b800b498f87c74ab3fe0f999a8b?s=96&d=mm&r=g\",\"url\":\"https:\\\/\\\/secure.gravatar.com\\\/avatar\\\/44cfebc8a820096991987c9e7f1b4421a6630b800b498f87c74ab3fe0f999a8b?s=96&d=mm&r=g\",\"contentUrl\":\"https:\\\/\\\/secure.gravatar.com\\\/avatar\\\/44cfebc8a820096991987c9e7f1b4421a6630b800b498f87c74ab3fe0f999a8b?s=96&d=mm&r=g\",\"caption\":\"AudreyT\"},\"url\":\"https:\\\/\\\/www.ebp.be\\\/fr\\\/author\\\/audreyt\\\/\"}]}<\/script>\n<!-- \/ Yoast SEO plugin. -->","yoast_head_json":{"title":"March\u00e9s publics : tout ce qu\u2019il faut savoir (2\u00e8me partie) - EBP Website","robots":{"index":"index","follow":"follow","max-snippet":"max-snippet:-1","max-image-preview":"max-image-preview:large","max-video-preview":"max-video-preview:-1"},"canonical":"https:\/\/www.ebp.be\/fr\/marches-publics-tout-ce-quil-faut-savoir-2eme-partie\/","og_locale":"fr_FR","og_type":"article","og_title":"March\u00e9s publics : tout ce qu\u2019il faut savoir (2\u00e8me partie) - EBP Website","og_description":"De quelles comp\u00e9tences de base avez-vous besoin en tant qu\u2019entrepreneur pour soumettre et remporter des march\u00e9s publics ? De la publication ou de l'\u00e9tude de march\u00e9 jusqu'\u00e0 la conclusion de la proc\u00e9dure : ce blog montre de mani\u00e8re claire comment vous pouvez au mieux naviguer dans ce processus en tant qu'entrepreneur. Lisez \u00e9galement la premi\u00e8re partie de ce blog.","og_url":"https:\/\/www.ebp.be\/fr\/marches-publics-tout-ce-quil-faut-savoir-2eme-partie\/","og_site_name":"EBP Website","article_published_time":"2022-03-17T12:01:18+00:00","article_modified_time":"2026-04-13T11:32:07+00:00","og_image":[{"width":1024,"height":768,"url":"https:\/\/www.ebp.be\/wp-content\/uploads\/2024\/10\/dariusz-sankowski-ABAmxzlot8E-unsplash-1024x768-1.jpeg","type":"image\/jpeg"}],"author":"AudreyT","twitter_card":"summary_large_image","twitter_misc":{"\u00c9crit par":"AudreyT","Dur\u00e9e de lecture estim\u00e9e":"3 minutes"},"schema":{"@context":"https:\/\/schema.org","@graph":[{"@type":"Article","@id":"https:\/\/www.ebp.be\/fr\/marches-publics-tout-ce-quil-faut-savoir-2eme-partie\/#article","isPartOf":{"@id":"https:\/\/www.ebp.be\/fr\/marches-publics-tout-ce-quil-faut-savoir-2eme-partie\/"},"author":{"name":"AudreyT","@id":"https:\/\/www.ebp.be\/fr\/#\/schema\/person\/0c6ad90398ff63fefbd27fc255e5f8ee"},"headline":"March\u00e9s publics : tout ce qu\u2019il faut savoir (2\u00e8me partie)","datePublished":"2022-03-17T12:01:18+00:00","dateModified":"2026-04-13T11:32:07+00:00","mainEntityOfPage":{"@id":"https:\/\/www.ebp.be\/fr\/marches-publics-tout-ce-quil-faut-savoir-2eme-partie\/"},"wordCount":593,"publisher":{"@id":"https:\/\/www.ebp.be\/fr\/#organization"},"image":{"@id":"https:\/\/www.ebp.be\/fr\/marches-publics-tout-ce-quil-faut-savoir-2eme-partie\/#primaryimage"},"thumbnailUrl":"https:\/\/www.ebp.be\/wp-content\/uploads\/2024\/10\/dariusz-sankowski-ABAmxzlot8E-unsplash-1024x768-1.jpeg","keywords":["Comment","Qu'est-ce que c'est ?"],"articleSection":["Blog","Comment","Qu'est-ce que c'est ?"],"inLanguage":"fr-FR"},{"@type":"WebPage","@id":"https:\/\/www.ebp.be\/fr\/marches-publics-tout-ce-quil-faut-savoir-2eme-partie\/","url":"https:\/\/www.ebp.be\/fr\/marches-publics-tout-ce-quil-faut-savoir-2eme-partie\/","name":"March\u00e9s publics : tout ce qu\u2019il faut savoir (2\u00e8me partie) - EBP Website","isPartOf":{"@id":"https:\/\/www.ebp.be\/fr\/#website"},"primaryImageOfPage":{"@id":"https:\/\/www.ebp.be\/fr\/marches-publics-tout-ce-quil-faut-savoir-2eme-partie\/#primaryimage"},"image":{"@id":"https:\/\/www.ebp.be\/fr\/marches-publics-tout-ce-quil-faut-savoir-2eme-partie\/#primaryimage"},"thumbnailUrl":"https:\/\/www.ebp.be\/wp-content\/uploads\/2024\/10\/dariusz-sankowski-ABAmxzlot8E-unsplash-1024x768-1.jpeg","datePublished":"2022-03-17T12:01:18+00:00","dateModified":"2026-04-13T11:32:07+00:00","breadcrumb":{"@id":"https:\/\/www.ebp.be\/fr\/marches-publics-tout-ce-quil-faut-savoir-2eme-partie\/#breadcrumb"},"inLanguage":"fr-FR","potentialAction":[{"@type":"ReadAction","target":["https:\/\/www.ebp.be\/fr\/marches-publics-tout-ce-quil-faut-savoir-2eme-partie\/"]}]},{"@type":"ImageObject","inLanguage":"fr-FR","@id":"https:\/\/www.ebp.be\/fr\/marches-publics-tout-ce-quil-faut-savoir-2eme-partie\/#primaryimage","url":"https:\/\/www.ebp.be\/wp-content\/uploads\/2024\/10\/dariusz-sankowski-ABAmxzlot8E-unsplash-1024x768-1.jpeg","contentUrl":"https:\/\/www.ebp.be\/wp-content\/uploads\/2024\/10\/dariusz-sankowski-ABAmxzlot8E-unsplash-1024x768-1.jpeg","width":1024,"height":768},{"@type":"BreadcrumbList","@id":"https:\/\/www.ebp.be\/fr\/marches-publics-tout-ce-quil-faut-savoir-2eme-partie\/#breadcrumb","itemListElement":[{"@type":"ListItem","position":1,"name":"Home","item":"https:\/\/www.ebp.be\/fr\/"},{"@type":"ListItem","position":2,"name":"March\u00e9s publics : tout ce qu\u2019il faut savoir (2\u00e8me partie)"}]},{"@type":"WebSite","@id":"https:\/\/www.ebp.be\/fr\/#website","url":"https:\/\/www.ebp.be\/fr\/","name":"EBP Website","description":"","publisher":{"@id":"https:\/\/www.ebp.be\/fr\/#organization"},"potentialAction":[{"@type":"SearchAction","target":{"@type":"EntryPoint","urlTemplate":"https:\/\/www.ebp.be\/fr\/?s={search_term_string}"},"query-input":{"@type":"PropertyValueSpecification","valueRequired":true,"valueName":"search_term_string"}}],"inLanguage":"fr-FR"},{"@type":"Organization","@id":"https:\/\/www.ebp.be\/fr\/#organization","name":"EBP Website","url":"https:\/\/www.ebp.be\/fr\/","logo":{"@type":"ImageObject","inLanguage":"fr-FR","@id":"https:\/\/www.ebp.be\/fr\/#\/schema\/logo\/image\/","url":"https:\/\/www.ebp.be\/wp-content\/uploads\/2025\/02\/EBP_2024_CMYK_500x500.png","contentUrl":"https:\/\/www.ebp.be\/wp-content\/uploads\/2025\/02\/EBP_2024_CMYK_500x500.png","width":500,"height":500,"caption":"EBP Website"},"image":{"@id":"https:\/\/www.ebp.be\/fr\/#\/schema\/logo\/image\/"}},{"@type":"Person","@id":"https:\/\/www.ebp.be\/fr\/#\/schema\/person\/0c6ad90398ff63fefbd27fc255e5f8ee","name":"AudreyT","image":{"@type":"ImageObject","inLanguage":"fr-FR","@id":"https:\/\/secure.gravatar.com\/avatar\/44cfebc8a820096991987c9e7f1b4421a6630b800b498f87c74ab3fe0f999a8b?s=96&d=mm&r=g","url":"https:\/\/secure.gravatar.com\/avatar\/44cfebc8a820096991987c9e7f1b4421a6630b800b498f87c74ab3fe0f999a8b?s=96&d=mm&r=g","contentUrl":"https:\/\/secure.gravatar.com\/avatar\/44cfebc8a820096991987c9e7f1b4421a6630b800b498f87c74ab3fe0f999a8b?s=96&d=mm&r=g","caption":"AudreyT"},"url":"https:\/\/www.ebp.be\/fr\/author\/audreyt\/"}]}},"_links":{"self":[{"href":"https:\/\/www.ebp.be\/fr\/wp-json\/wp\/v2\/posts\/6131","targetHints":{"allow":["GET"]}}],"collection":[{"href":"https:\/\/www.ebp.be\/fr\/wp-json\/wp\/v2\/posts"}],"about":[{"href":"https:\/\/www.ebp.be\/fr\/wp-json\/wp\/v2\/types\/post"}],"author":[{"embeddable":true,"href":"https:\/\/www.ebp.be\/fr\/wp-json\/wp\/v2\/users\/8"}],"replies":[{"embeddable":true,"href":"https:\/\/www.ebp.be\/fr\/wp-json\/wp\/v2\/comments?post=6131"}],"version-history":[{"count":0,"href":"https:\/\/www.ebp.be\/fr\/wp-json\/wp\/v2\/posts\/6131\/revisions"}],"wp:featuredmedia":[{"embeddable":true,"href":"https:\/\/www.ebp.be\/fr\/wp-json\/wp\/v2\/media\/1062"}],"wp:attachment":[{"href":"https:\/\/www.ebp.be\/fr\/wp-json\/wp\/v2\/media?parent=6131"}],"wp:term":[{"taxonomy":"category","embeddable":true,"href":"https:\/\/www.ebp.be\/fr\/wp-json\/wp\/v2\/categories?post=6131"},{"taxonomy":"post_tag","embeddable":true,"href":"https:\/\/www.ebp.be\/fr\/wp-json\/wp\/v2\/tags?post=6131"}],"curies":[{"name":"wp","href":"https:\/\/api.w.org\/{rel}","templated":true}]}}